{"id":647,"date":"2023-04-06T15:59:44","date_gmt":"2023-04-06T13:59:44","guid":{"rendered":"https:\/\/ressourceribambelle.fr\/?p=647"},"modified":"2023-04-06T16:01:24","modified_gmt":"2023-04-06T14:01:24","slug":"6-mai-2023-inauguration-de-la-ressourcerie","status":"publish","type":"post","link":"https:\/\/ressourceribambelle.fr\/?p=647","title":{"rendered":"6 mai 2023 : Inauguration de la Ressourcerie !"},"content":{"rendered":"<div class=\"wp-block-image\">\n<figure class=\"aligncenter size-full is-resized\"><img loading=\"lazy\" decoding=\"async\" src=\"https:\/\/ressourceribambelle.fr\/wp-content\/uploads\/2023\/04\/Affiche-Inauguration.jpg\" alt=\"\" class=\"wp-image-648\" width=\"354\" height=\"500\" srcset=\"https:\/\/ressourceribambelle.fr\/wp-content\/uploads\/2023\/04\/Affiche-Inauguration.jpg 1414w, https:\/\/ressourceribambelle.fr\/wp-content\/uploads\/2023\/04\/Affiche-Inauguration-212x300.jpg 212w, https:\/\/ressourceribambelle.fr\/wp-content\/uploads\/2023\/04\/Affiche-Inauguration-724x1024.jpg 724w, https:\/\/ressourceribambelle.fr\/wp-content\/uploads\/2023\/04\/Affiche-Inauguration-768x1086.jpg 768w, https:\/\/ressourceribambelle.fr\/wp-content\/uploads\/2023\/04\/Affiche-Inauguration-1086x1536.jpg 1086w\" sizes=\"auto, (max-width: 354px) 100vw, 354px\" \/><\/figure>\n<\/div>\n\n\n<p>\ud83d\uddd3\ufe0f A vos agendas !!&nbsp;<\/p>\n\n\n\n<p>Le 6 mai, l&rsquo;association Ressource&rsquo;Ribambelle f\u00eatera ses un an !!! \ud83c\udf89 Quelle autre meilleure occasion pour faire l&rsquo;inauguration de la Ressourcerie ?\u00a0 \ud83e\udd29<\/p>\n\n\n\n<p>Et pour faire de cette journ\u00e9e un moment festif, on vous a concoct\u00e9 un beau programme !<\/p>\n\n\n\n<p>\ud83c\udf6f un march\u00e9 de producteurs locaux avec les savons artisanaux du <a rel=\"noreferrer noopener\" href=\"https:\/\/moulinasavon.fr\/\" target=\"_blank\">Moulin \u00e0 savon<\/a>, le miel et le pain d\u2019\u00e9pices fait maison de Martine \u00e0 Reugny, le pain au levain d&rsquo; <a rel=\"noreferrer noopener\" href=\"https:\/\/www.facebook.com\/epi.c.tout.boulangerie\/\" target=\"_blank\">Epi c\u2019est Tout<\/a> et les bocaux anti-gaspi du <a rel=\"noreferrer noopener\" href=\"https:\/\/www.facebook.com\/people\/Du-KLAP-%C3%B4-miam\/100083689626915\/\" target=\"_blank\">Klap au miam&nbsp;<\/a><\/p>\n\n\n\n<p>\ud83e\udd64\ud83c\udf7b une buvette tenue par <a href=\"https:\/\/www.facebook.com\/people\/La-poule-au-pot\/100087476655003\/\" target=\"_blank\" rel=\"noreferrer noopener\">La Poule \u00e0 Pot <\/a><\/p>\n\n\n\n<p>\ud83c\udf5f une restauration conviviale propos\u00e9e par le restaurant<a href=\"https:\/\/www.liberte-restaurant.fr\/\" target=\"_blank\" rel=\"noreferrer noopener\"> Libert\u00e9<\/a><\/p>\n\n\n\n<p>\ud83c\udf31 un stand anim\u00e9 par les volontaires <a rel=\"noreferrer noopener\" href=\"https:\/\/www.uniscite.fr\/actualite\/volontaires-mediaterre\/\" target=\"_blank\">M\u00e9diaTerre<\/a><\/p>\n\n\n\n<p>\ud83d\udc76 une pr\u00e9sentation des couches lavables par Farida<\/p>\n\n\n\n<p>\u2702\ufe0f\ud83c\udf80 un atelier de cr\u00e9ations avec du mat\u00e9riel de r\u00e9cup\u2019<\/p>\n\n\n\n<p>\ud83c\udffa une vente exceptionnelle de petits \u00e9lectrom\u00e9nagers, de mat\u00e9riel hifi, d\u2019objets vintage et autres p\u00e9pites&nbsp;<\/p>\n\n\n\n<p>\ud83d\udc52 et une braderie de v\u00eatements&nbsp;<\/p>\n\n\n\n<p>Tout \u00e7a avec le soutien de la Mairie de Neuill\u00e9-le-Lierre ! Et pour la petite touche officielle de notre inauguration, une prise de parole est pr\u00e9vue \u00e0 10h30.<\/p>\n\n\n\n<p>On vous attend nombreux et nombreuses !!&nbsp;<\/p>\n","protected":false},"excerpt":{"rendered":"<p>\ud83d\uddd3\ufe0f A vos agendas !!&nbsp; Le 6 mai, l&rsquo;association Ressource&rsquo;Ribambelle f\u00eatera ses un an !!! \ud83c\udf89 Quelle autre meilleure occasion pour faire l&rsquo;inauguration de la Ressourcerie ?\u00a0 \ud83e\udd29 Et pour faire de cette journ\u00e9e un moment festif, on vous a concoct\u00e9 un beau programme ! \ud83c\udf6f un march\u00e9 de producteurs locaux avec les savons artisanaux [&hellip;]<\/p>\n","protected":false},"author":2,"featured_media":0,"comment_status":"open","ping_status":"open","sticky":false,"template":"","format":"standard","meta":{"_regular_price":[],"currency_symbol":[],"footnotes":""},"categories":[6],"tags":[],"class_list":["post-647","post","type-post","status-publish","format-standard","hentry","category-ressourceribambelle"],"post_slider_layout_featured_media_urls":{"thumbnail":"","post_slider_layout_landscape_large":"","post_slider_layout_portrait_large":"","post_slider_layout_square_large":"","post_slider_layout_landscape":"","post_slider_layout_portrait":"","post_slider_layout_square":"","full":""},"_links":{"self":[{"href":"https:\/\/ressourceribambelle.fr\/index.php?rest_route=\/wp\/v2\/posts\/647","targetHints":{"allow":["GET"]}}],"collection":[{"href":"https:\/\/ressourceribambelle.fr\/index.php?rest_route=\/wp\/v2\/posts"}],"about":[{"href":"https:\/\/ressourceribambelle.fr\/index.php?rest_route=\/wp\/v2\/types\/post"}],"author":[{"embeddable":true,"href":"https:\/\/ressourceribambelle.fr\/index.php?rest_route=\/wp\/v2\/users\/2"}],"replies":[{"embeddable":true,"href":"https:\/\/ressourceribambelle.fr\/index.php?rest_route=%2Fwp%2Fv2%2Fcomments&post=647"}],"version-history":[{"count":3,"href":"https:\/\/ressourceribambelle.fr\/index.php?rest_route=\/wp\/v2\/posts\/647\/revisions"}],"predecessor-version":[{"id":651,"href":"https:\/\/ressourceribambelle.fr\/index.php?rest_route=\/wp\/v2\/posts\/647\/revisions\/651"}],"wp:attachment":[{"href":"https:\/\/ressourceribambelle.fr\/index.php?rest_route=%2Fwp%2Fv2%2Fmedia&parent=647"}],"wp:term":[{"taxonomy":"category","embeddable":true,"href":"https:\/\/ressourceribambelle.fr\/index.php?rest_route=%2Fwp%2Fv2%2Fcategories&post=647"},{"taxonomy":"post_tag","embeddable":true,"href":"https:\/\/ressourceribambelle.fr\/index.php?rest_route=%2Fwp%2Fv2%2Ftags&post=647"}],"curies":[{"name":"wp","href":"https:\/\/api.w.org\/{rel}","templated":true}]}}